{"id":846,"date":"2020-04-24T11:01:38","date_gmt":"2020-04-24T09:01:38","guid":{"rendered":"http:\/\/www.jenninger.se\/?p=846"},"modified":"2025-01-31T09:36:56","modified_gmt":"2025-01-31T08:36:56","slug":"minnesstipendium-2020","status":"publish","type":"post","link":"https:\/\/jenninger.se\/?p=846","title":{"rendered":"Minnesstipendium 2020, Malmaskolan Kolsva"},"content":{"rendered":"<p><a href=\"http:\/\/http:\/\/www.vastmanland.tv\/index.php\/vara-program\/482-malmaskolan-uppmaerksammas\">Minnesstipendium 2020<\/a><a href=\"http:\/\/www.vastmanland.tv\/index.php\/vara-program\/482-malmaskolan-uppmaerksammas\">https:\/\/www.youtube.com\/watch?v=x5aaQgVHaPs&amp;t=10s<\/a><\/p>\n\n\n<p>S\u00e5 fick Malmaskolan trots pandemin \u00e5rets minnesfond. Med restriktionerna gick det inte att samla alla till en  h\u00f6gtidlig ceremoni. L\u00f6sningen blev att g\u00f6ra det digitalt, och p\u00e5 tv\u00e5 platser samtidigt. Och det blev \u00f6verl\u00e4mning i Kolsva och samtidigt ett unikt recept p\u00e5 Malmaburgaren, tillverkad p\u00e5 plats i Malm\u00f6 &#8211; med och av Tareq Taylor! <a href=\"https:\/\/www.vastmanland.tv\/index.php\/vara-program\/790-mans-jenninger-stipendium\">https:\/\/www.vastmanland.tv\/index.php\/vara-program\/790-mans-jenninger-stipendium<\/a><\/p>\n\n\n\n<figure class=\"wp-block-image size-full is-resized\"><img loading=\"lazy\" decoding=\"async\" src=\"https:\/\/jenninger.se\/wp-content\/uploads\/2022\/01\/Tareq-och-jag-rotated.jpg\" alt=\"\" class=\"wp-image-1053\" width=\"290\" height=\"386\"\/><figcaption class=\"wp-element-caption\">Corona stipendieutdelning: Claes hos Tareq i Malm\u00f6 .<\/figcaption><\/figure>\n\n\n\n<figure class=\"wp-block-image size-full is-resized is-style-default\"><img loading=\"lazy\" decoding=\"async\" src=\"https:\/\/jenninger.se\/wp-content\/uploads\/2022\/11\/Tareq-1-rotated.jpg\" alt=\"\" class=\"wp-image-1659\" width=\"336\" height=\"189\"\/><figcaption class=\"wp-element-caption\">F\u00f6rberedelser i Malm\u00f6 inf\u00f6r uppkoppling med Kolsva<\/figcaption><\/figure>\n\n\n\n<p>Varf\u00f6r Malmaskolan \u00e4r en sj\u00e4lvklar mottagare av M\u00e5ns Jenningers minnesfond:<a href=\"https:\/\/skolvarlden.se\/artiklar\/de-satsar-pa-elevhalsa-att-gora-skolan-likvardig\">https:\/\/skolvarlden.se\/artiklar\/de-satsar-pa-elevhalsa-att-gora-skolan-likvardig<\/a><\/p>\n\n\n\n<p>Elevv\u00e5rd i praktiken: <a href=\"https:\/\/www.facebook.com\/malmaskolan\/videos\/1557887154363866\">https:\/\/www.facebook.com\/malmaskolan\/videos\/1557887154363866<\/a><\/p>\n\n\n\n<p><\/p>\n\n\n\n<figure class=\"wp-block-embed is-type-video is-provider-youtube wp-block-embed-youtube wp-embed-aspect-16-9 wp-has-aspect-ratio\"><div class=\"wp-block-embed__wrapper\">\n<iframe loading=\"lazy\" title=\"Good practice in Kolsva, Sweden - European Toolkit for Schools\" width=\"629\" height=\"354\" src=\"https:\/\/www.youtube.com\/embed\/5bx-6ZeBXAA?feature=oembed\" frameborder=\"0\" allow=\"accelerometer; autoplay; clipboard-write; encrypted-media; gyroscope; picture-in-picture; web-share\" referrerpolicy=\"strict-origin-when-cross-origin\" allowfullscreen><\/iframe>\n<\/div><\/figure>\n\n\n\n<p>Det kan till\u00e4ggas om Malmaskolan att dess 9:or varje \u00e5r sedan 25 \u00e5r reser till Polen med bes\u00f6k i bl a Auschwitz\/Birkenau. Guider \u00e4r skolans egen personal, de som under \u00e5ren arbetat tillsammans med sina elever.<\/p>\n\n\n\n<figure class=\"wp-block-image size-full is-resized is-style-default\"><img loading=\"lazy\" decoding=\"async\" src=\"https:\/\/jenninger.se\/wp-content\/uploads\/2022\/10\/Auschwitz.jpg\" alt=\"\" class=\"wp-image-1417\" width=\"309\" height=\"309\" srcset=\"https:\/\/jenninger.se\/wp-content\/uploads\/2022\/10\/Auschwitz.jpg 1080w, https:\/\/jenninger.se\/wp-content\/uploads\/2022\/10\/Auschwitz-150x150.jpg 150w\" sizes=\"auto, (max-width: 309px) 100vw, 309px\" \/><\/figure>\n","protected":false},"excerpt":{"rendered":"<p>Minnesstipendium 2020https:\/\/www.youtube.com\/watch?v=x5aaQgVHaPs&amp;t=10s S\u00e5 fick Malmaskolan trots pandemin \u00e5rets minnesfond. Med restriktionerna gick det inte att samla alla till en h\u00f6gtidlig ceremoni. L\u00f6sningen blev att g\u00f6ra det digitalt, och p\u00e5 tv\u00e5 platser samtidigt. Och det blev \u00f6verl\u00e4mning i Kolsva och samtidigt ett unikt recept p\u00e5 Malmaburgaren, tillverkad p\u00e5 plats i Malm\u00f6 &#8211; med och av Tareq [&hellip;]<\/p>\n","protected":false},"author":1,"featured_media":0,"comment_status":"open","ping_status":"open","sticky":false,"template":"","format":"standard","meta":{"_themeisle_gutenberg_block_has_review":false,"footnotes":""},"categories":[3],"tags":[],"class_list":["post-846","post","type-post","status-publish","format-standard","hentry","category-mans-minnesfond"],"_links":{"self":[{"href":"https:\/\/jenninger.se\/index.php?rest_route=\/wp\/v2\/posts\/846","targetHints":{"allow":["GET"]}}],"collection":[{"href":"https:\/\/jenninger.se\/index.php?rest_route=\/wp\/v2\/posts"}],"about":[{"href":"https:\/\/jenninger.se\/index.php?rest_route=\/wp\/v2\/types\/post"}],"author":[{"embeddable":true,"href":"https:\/\/jenninger.se\/index.php?rest_route=\/wp\/v2\/users\/1"}],"replies":[{"embeddable":true,"href":"https:\/\/jenninger.se\/index.php?rest_route=%2Fwp%2Fv2%2Fcomments&post=846"}],"version-history":[{"count":19,"href":"https:\/\/jenninger.se\/index.php?rest_route=\/wp\/v2\/posts\/846\/revisions"}],"predecessor-version":[{"id":2253,"href":"https:\/\/jenninger.se\/index.php?rest_route=\/wp\/v2\/posts\/846\/revisions\/2253"}],"wp:attachment":[{"href":"https:\/\/jenninger.se\/index.php?rest_route=%2Fwp%2Fv2%2Fmedia&parent=846"}],"wp:term":[{"taxonomy":"category","embeddable":true,"href":"https:\/\/jenninger.se\/index.php?rest_route=%2Fwp%2Fv2%2Fcategories&post=846"},{"taxonomy":"post_tag","embeddable":true,"href":"https:\/\/jenninger.se\/index.php?rest_route=%2Fwp%2Fv2%2Ftags&post=846"}],"curies":[{"name":"wp","href":"https:\/\/api.w.org\/{rel}","templated":true}]}}