{"id":2282,"date":"2025-05-17T06:35:17","date_gmt":"2025-05-17T04:35:17","guid":{"rendered":"https:\/\/jenninger.se\/?p=2282"},"modified":"2025-05-22T16:48:15","modified_gmt":"2025-05-22T14:48:15","slug":"minnesfonden-2025-fyrvallaskolan","status":"publish","type":"post","link":"https:\/\/jenninger.se\/?p=2282","title":{"rendered":"Minnesfonden 2025, Fyrvallaskolan, \u00d6stersund"},"content":{"rendered":"\n<figure class=\"wp-block-image size-full\"><img loading=\"lazy\" decoding=\"async\" width=\"979\" height=\"978\" src=\"https:\/\/jenninger.se\/wp-content\/uploads\/2025\/05\/bild.png\" alt=\"\" class=\"wp-image-2286\" srcset=\"https:\/\/jenninger.se\/wp-content\/uploads\/2025\/05\/bild.png 979w, https:\/\/jenninger.se\/wp-content\/uploads\/2025\/05\/bild-300x300.png 300w, https:\/\/jenninger.se\/wp-content\/uploads\/2025\/05\/bild-150x150.png 150w, https:\/\/jenninger.se\/wp-content\/uploads\/2025\/05\/bild-768x767.png 768w, https:\/\/jenninger.se\/wp-content\/uploads\/2025\/05\/bild-88x88.png 88w, https:\/\/jenninger.se\/wp-content\/uploads\/2025\/05\/bild-900x899.png 900w\" sizes=\"auto, (max-width: 979px) 100vw, 979px\" \/><\/figure>\n\n\n\n<p>Se inslaget som s\u00e4ndes den 6 maj i Aktuellt och Rapport: <a href=\"https:\/\/www.svt.se\/nyheter\/lokalt\/jamtland\/fyrvallas-jobb-for-gemenskap-far-utmarkelse?fbclid=IwY2xjawKTu99leHRuA2FlbQIxMQBicmlkETFnREJORnFnbjJ0alFpNEdGAR5MQKsMFPoC1HqIInE31h6p2S4b4-6Q7PJnbP3d5t7gU_luIeAqmwAOBXnV-Q_aem_FVh1pgtV-ePE2xtK65kdAw\">https:\/\/www.svt.se\/nyheter\/lokalt\/jamtland\/fyrvallas-jobb-for-gemenskap-far-utmarkelse?fbclid=IwY2xjawKTu99leHRuA2FlbQIxMQBicmlkETFnREJORnFnbjJ0alFpNEdGAR5MQKsMFPoC1HqIInE31h6p2S4b4-6Q7PJnbP3d5t7gU_luIeAqmwAOBXnV-Q_aem_FVh1pgtV-ePE2xtK65kdAw<\/a><\/p>\n\n\n\n<p>P4 J\u00e4mtland s\u00e4nde en intervju den 6 maj: <a href=\"https:\/\/www.sverigesradio.se\/artikel\/de-prisas-for-sitt-antimobbningsarbete-det-spelar-roll\">https:\/\/www.sverigesradio.se\/artikel\/de-prisas-for-sitt-antimobbningsarbete-det-spelar-roll<\/a><\/p>\n\n\n\n<p>Fyrvallagymnasiet \u00e4r en stor skola i \u00d6stersund med de praktiska utbildningarna. D\u00e4r g\u00e5r ca 600 ungdomar. Redan 2012 s\u00e5g d\u00e5varande kurator Annika Paulsson och rektor Kjell-\u00c5ke Skoog att de m\u00e5ste arbeta med arbetsmilj\u00f6n, som d\u00e5 var segregerad d\u00e4r varken pojkar eller flickor kom till sin r\u00e4tt.<\/p>\n\n\n\n<p>L\u00f6sningen blev ett arbete i klasserna med utg\u00e5ngspunkt ur UR:s &#8221;Machofabriken&#8221; d\u00e4r eleverna diskuterade och formulerade sina tankar p\u00e5 postit-lappar. Sen bildades tjej- och killgrupper tills n\u00e5gon undrade varf\u00f6r. Sedan dess finns en likabehandlingsgrupp, med en representant fr\u00e5n varje program p\u00e5 skolan. Gruppen ansvarar f\u00f6r att samtliga p\u00e5 skolan k\u00e4nner trygghet och gemenskap. Den jobbar aktivt, har t ex ingripit n\u00e4r det spritts n\u00e5got rykte p\u00e5 stan. Men avg\u00f6rande f\u00f6r gruppens fortlevnad \u00e4r ocks\u00e5 att gruppens arbete \u00e4r en sj\u00e4lvklar del av skolans vanliga struktur, med st\u00f6d av personalen. &#8221;M\u00e4nnen p\u00e5 Fyrvalla \u00e4r mjuk&#8221; s\u00e4gs det om Fyrvallagymnasiet. Skolv\u00e4rd, kurator och skolsk\u00f6terska \u00e4r alla &#8211; m\u00e4n. Arbetet fortg\u00e5r \u00e4n i dag, och gruppens erfarenheter och kunskaper efterfr\u00e5gas fr\u00e5n andra skolor i regionen.<\/p>\n\n\n\n<p>Redan n\u00e4r man \u00f6ppnar d\u00f6rren till Fyrvalla m\u00f6ts man av en annorlunda skolmilj\u00f6. Tonen och bem\u00f6tandet mellan elever och l\u00e4rare \u00e4r annorlunda, \u00f6ppenheten f\u00f6r varandra och \u00e4ven bes\u00f6kare \u00e4r v\u00e4lkomnande. Andra verksamheter som polisen, restaurangutbildningen och SOS alarm finns i samma byggnad.<\/p>\n\n\n\n<figure class=\"wp-block-image size-large\"><img loading=\"lazy\" decoding=\"async\" width=\"1024\" height=\"461\" src=\"https:\/\/jenninger.se\/wp-content\/uploads\/2025\/05\/eleverna-catherine-1024x461.jpg\" alt=\"\" class=\"wp-image-2295\" srcset=\"https:\/\/jenninger.se\/wp-content\/uploads\/2025\/05\/eleverna-catherine-1024x461.jpg 1024w, https:\/\/jenninger.se\/wp-content\/uploads\/2025\/05\/eleverna-catherine-300x135.jpg 300w, https:\/\/jenninger.se\/wp-content\/uploads\/2025\/05\/eleverna-catherine-768x346.jpg 768w, https:\/\/jenninger.se\/wp-content\/uploads\/2025\/05\/eleverna-catherine-1536x691.jpg 1536w, https:\/\/jenninger.se\/wp-content\/uploads\/2025\/05\/eleverna-catherine-2048x922.jpg 2048w, https:\/\/jenninger.se\/wp-content\/uploads\/2025\/05\/eleverna-catherine-900x405.jpg 900w, https:\/\/jenninger.se\/wp-content\/uploads\/2025\/05\/eleverna-catherine-1280x576.jpg 1280w\" sizes=\"auto, (max-width: 1024px) 100vw, 1024px\" \/><\/figure>\n\n\n\n<p>P\u00e5 scenen: fr\u00e5n Likabehandlingsgruppen: Tilde Eriksson, som g\u00e5r p\u00e5 Fordon och Transport och ska bli lastbilschauff\u00f6r, Isabell Andersson p\u00e5 Bygg och ska bli m\u00e5lare, Rasmus Jonasson och Kalle Ottosson som b\u00e5da g\u00e5r p\u00e5 Restaurang\/livsmedel. L\u00e4ngst bort <a href=\"https:\/\/www.facebook.com\/cathrine.palmcrantz?__cft__[0]=AZVKSuylfHosmJifj1D04my548JwhOW0MiyOPS7QbLDWyWANLohMBlKubaYfXzuWaXtUm46svtv0WW6B9o-PEcIePCpe-tc-lw27wFgg1YF4oCIcV-BUfniBpjTiPHX3eJ9KUq7i2pemC4MpR6SFy2yW&amp;__tn__=R]-R\">Cathrine Palmcrantz<\/a> som nominerade Fyrvallagymnasiet till M\u00e5ns Jenningers minnesfond och sk\u00e4nkte en tavla till Likabehandlingsgruppen.<\/p>\n\n\n\n<figure class=\"wp-block-image size-large\"><img loading=\"lazy\" decoding=\"async\" width=\"597\" height=\"1024\" src=\"https:\/\/jenninger.se\/wp-content\/uploads\/2025\/05\/annika-Britt-Uddegard-Kjell-ake-597x1024.jpg\" alt=\"\" class=\"wp-image-2296\" srcset=\"https:\/\/jenninger.se\/wp-content\/uploads\/2025\/05\/annika-Britt-Uddegard-Kjell-ake-597x1024.jpg 597w, https:\/\/jenninger.se\/wp-content\/uploads\/2025\/05\/annika-Britt-Uddegard-Kjell-ake-175x300.jpg 175w, https:\/\/jenninger.se\/wp-content\/uploads\/2025\/05\/annika-Britt-Uddegard-Kjell-ake-768x1318.jpg 768w, https:\/\/jenninger.se\/wp-content\/uploads\/2025\/05\/annika-Britt-Uddegard-Kjell-ake-895x1536.jpg 895w, https:\/\/jenninger.se\/wp-content\/uploads\/2025\/05\/annika-Britt-Uddegard-Kjell-ake-1194x2048.jpg 1194w, https:\/\/jenninger.se\/wp-content\/uploads\/2025\/05\/annika-Britt-Uddegard-Kjell-ake-900x1544.jpg 900w, https:\/\/jenninger.se\/wp-content\/uploads\/2025\/05\/annika-Britt-Uddegard-Kjell-ake-1280x2196.jpg 1280w, https:\/\/jenninger.se\/wp-content\/uploads\/2025\/05\/annika-Britt-Uddegard-Kjell-ake-scaled.jpg 1492w\" sizes=\"auto, (max-width: 597px) 100vw, 597px\" \/><\/figure>\n\n\n\n<p>P\u00e5 scenen: trion, skolledningen som 2012 inledde arbetet f\u00f6r en skola med trygghet och gemenskap: <a href=\"https:\/\/www.facebook.com\/annika.paulsson.94?__cft__[0]=AZVKSuylfHosmJifj1D04my548JwhOW0MiyOPS7QbLDWyWANLohMBlKubaYfXzuWaXtUm46svtv0WW6B9o-PEcIePCpe-tc-lw27wFgg1YF4oCIcV-BUfniBpjTiPHX3eJ9KUq7i2pemC4MpR6SFy2yW&amp;__tn__=R]-R\">Annika Paulsson<\/a>, <a href=\"https:\/\/www.facebook.com\/britt.uddegard?__cft__[0]=AZVKSuylfHosmJifj1D04my548JwhOW0MiyOPS7QbLDWyWANLohMBlKubaYfXzuWaXtUm46svtv0WW6B9o-PEcIePCpe-tc-lw27wFgg1YF4oCIcV-BUfniBpjTiPHX3eJ9KUq7i2pemC4MpR6SFy2yW&amp;__tn__=R]-R\">Britt Uddeg\u00e5rd<\/a> och <a href=\"https:\/\/www.facebook.com\/kjellake.skoog.9?__cft__[0]=AZVKSuylfHosmJifj1D04my548JwhOW0MiyOPS7QbLDWyWANLohMBlKubaYfXzuWaXtUm46svtv0WW6B9o-PEcIePCpe-tc-lw27wFgg1YF4oCIcV-BUfniBpjTiPHX3eJ9KUq7i2pemC4MpR6SFy2yW&amp;__tn__=R]-R\">Kjell-\u00c5ke Skoog<\/a>.<\/p>\n\n\n\n<figure class=\"wp-block-image size-full is-resized\"><img loading=\"lazy\" decoding=\"async\" width=\"309\" height=\"482\" src=\"https:\/\/jenninger.se\/wp-content\/uploads\/2025\/05\/Skarmbild_17-5-2025_162040_www.facebook.com_.jpeg\" alt=\"\" class=\"wp-image-2306\" style=\"width:331px;height:auto\" srcset=\"https:\/\/jenninger.se\/wp-content\/uploads\/2025\/05\/Skarmbild_17-5-2025_162040_www.facebook.com_.jpeg 309w, https:\/\/jenninger.se\/wp-content\/uploads\/2025\/05\/Skarmbild_17-5-2025_162040_www.facebook.com_-192x300.jpeg 192w\" sizes=\"auto, (max-width: 309px) 100vw, 309px\" \/><\/figure>\n\n\n\n<p>Musik fr\u00e5n scenen &#8221;Andras ungar&#8221;: Jens Gustavson, Alexandra Lindqvist l\u00e4rare p\u00e5 skolan och Ronny Dahlberg skolans kurator p\u00e5 trummor.<\/p>\n\n\n\n<figure class=\"wp-block-image size-full is-resized\"><img loading=\"lazy\" decoding=\"async\" width=\"261\" height=\"196\" src=\"https:\/\/jenninger.se\/wp-content\/uploads\/2025\/05\/495038321_9660036970700011_820976051758328867_n.jpg\" alt=\"\" class=\"wp-image-2297\" style=\"width:392px;height:auto\"\/><\/figure>\n\n\n\n<p>Och fr\u00e5gan, varf\u00f6r h\u00f6lls ceremonin i busstationen? Vi valde en plats d\u00e4r ungdomarna passerar varje dag, och antagligen kv\u00e4llar, en plats d\u00e4r allm\u00e4nheten stannar upp och lyssnar, en plats som man oftast inte ser son neutral, kanske &#8221;v\u00e4rdel\u00f6s&#8221;. H\u00e4r \u00e4r \u00f6gonblicket n\u00e4r skolans kurator Ronny Dahlberg och vi andra m\u00e5ste best\u00e4mma oss, p\u00e5 den stora trappan ute eller inne i busshallen. Vi hade st\u00e5tt ute p\u00e5 den stora trappan mot bussgatan, om det inte sn\u00f6ade just d\u00e5&#8230; <a href=\"https:\/\/www.gymnasieguiden.se\/gymnasium\/jamtlands-gymnasium-fyrvalla?fbclid=IwZXh0bgNhZW0CMTAAYnJpZBEwVlJncTZmUklqMTAzQ3RPNAEei2Nt0ZZgzuJutKSO2jz29dMQsEzqXy31aLOTrqUZVUnP1YNjqYRNEdlhgoc_aem_rmjfAX3okfyjX7Ko-zUWvQ\" target=\"_blank\" rel=\"noreferrer noopener\">https:\/\/www.gymnasieguiden.se\/&#8230;\/jamtlands-gymnasium&#8230;<\/a><\/p>\n\n\n\n<h1 class=\"wp-block-heading\"><a href=\"https:\/\/jenninger.se\/?p=2320\">\u00c5rets eldsj\u00e4l: Skolg\u00e5rdsl\u00e4raren Gustav Sundh<\/a><\/h1>\n\n\n\n<p>Av <a href=\"https:\/\/jenninger.se\/?author=1\">Claes Jenninger<\/a><\/p>\n\n\n\n<p>den <a href=\"https:\/\/jenninger.se\/?p=2320\">maj 22, 2025<\/a><\/p>\n\n\n\n<p>i <a href=\"https:\/\/jenninger.se\/?cat=3\">M\u00e5ns minnesfond<\/a><\/p>\n\n\n\n<p><a href=\"https:\/\/jenninger.se\/wp-admin\/post.php?post=2320&amp;action=edit\">Redigera<\/a><\/p>\n\n\n\n<p>Vid en ceremoni p\u00e5 M\u00fcnchenbryggeriet i Stockholm den 29 april tilldelade M\u00e5ns Jenningers minnesfond Gustav Sundh \u00c5rets eldsj\u00e4l. Diplom och 5000 insamlade kronor \u00f6verr\u00e4cktes till Gustav av f\u00f6rra \u00e5rets eldsj\u00e4l Jonas Nilsson.<\/p>\n\n\n\n<figure class=\"wp-block-image\"><img loading=\"lazy\" decoding=\"async\" width=\"1024\" height=\"998\" src=\"https:\/\/jenninger.se\/wp-content\/uploads\/2025\/05\/overlamn-1024x998.jpg\" alt=\"\" class=\"wp-image-2323\" srcset=\"https:\/\/jenninger.se\/wp-content\/uploads\/2025\/05\/overlamn-1024x998.jpg 1024w, https:\/\/jenninger.se\/wp-content\/uploads\/2025\/05\/overlamn-300x292.jpg 300w, https:\/\/jenninger.se\/wp-content\/uploads\/2025\/05\/overlamn-768x749.jpg 768w, https:\/\/jenninger.se\/wp-content\/uploads\/2025\/05\/overlamn-1536x1497.jpg 1536w, https:\/\/jenninger.se\/wp-content\/uploads\/2025\/05\/overlamn-900x877.jpg 900w, https:\/\/jenninger.se\/wp-content\/uploads\/2025\/05\/overlamn-1280x1248.jpg 1280w, https:\/\/jenninger.se\/wp-content\/uploads\/2025\/05\/overlamn.jpg 1741w\" sizes=\"auto, (max-width: 1024px) 100vw, 1024px\" \/><\/figure>\n\n\n\n<figure class=\"wp-block-image\"><img loading=\"lazy\" decoding=\"async\" width=\"1024\" height=\"601\" src=\"https:\/\/jenninger.se\/wp-content\/uploads\/2025\/05\/solklinten-DIPLOM-Gustav-Sundh-1024x601.jpg\" alt=\"\" class=\"wp-image-2324\" srcset=\"https:\/\/jenninger.se\/wp-content\/uploads\/2025\/05\/solklinten-DIPLOM-Gustav-Sundh-1024x601.jpg 1024w, https:\/\/jenninger.se\/wp-content\/uploads\/2025\/05\/solklinten-DIPLOM-Gustav-Sundh-300x176.jpg 300w, https:\/\/jenninger.se\/wp-content\/uploads\/2025\/05\/solklinten-DIPLOM-Gustav-Sundh-768x451.jpg 768w, https:\/\/jenninger.se\/wp-content\/uploads\/2025\/05\/solklinten-DIPLOM-Gustav-Sundh-1536x901.jpg 1536w, https:\/\/jenninger.se\/wp-content\/uploads\/2025\/05\/solklinten-DIPLOM-Gustav-Sundh-2048x1202.jpg 2048w, https:\/\/jenninger.se\/wp-content\/uploads\/2025\/05\/solklinten-DIPLOM-Gustav-Sundh-900x528.jpg 900w, https:\/\/jenninger.se\/wp-content\/uploads\/2025\/05\/solklinten-DIPLOM-Gustav-Sundh-1280x751.jpg 1280w\" sizes=\"auto, (max-width: 1024px) 100vw, 1024px\" \/><\/figure>\n\n\n\n<p>Bakom minnesfondens motivering finns ett m\u00e5ng\u00e5rigt, kompromissl\u00f6st arbete f\u00f6r v\u00e5ra barn som Gustav har arbetat med. Hans ber\u00e4ttelser om vikten av att skapa en god relation med alla barn, och i synnerhet de barn som har det allra sv\u00e5rast \u00e4r m\u00f6nster f\u00f6r alla som arbetar tillsammans med barn. H\u00e4r beskrivet i Vi l\u00e4rare: <a href=\"https:\/\/www.vilarare.se\/fritidspedagogik\/reportage\/sa-planerar-du-raster-dar-alla-kan-vara-med\">https:\/\/www.vilarare.se\/fritidspedagogik\/reportage\/sa-planerar-du-raster-dar-alla-kan-vara-med<\/a><\/p>\n\n\n\n<p>Gustav \u00e4r mycket anlitad som f\u00f6rel\u00e4sare och \u00e4ven f\u00f6rfattare. H\u00e4r ett exempel: <a href=\"https:\/\/www.studentlitteratur.se\/kompetensutveckling\/skola-f-6\/undervisning-och-metod\/nyckeln-till-skolgardens-larande\/?srsltid=AfmBOoqtG6Ie0sV8jj4G_xu443rPK1TxqhJVH5GXMzwTi9qdsNLSnyko\">https:\/\/www.studentlitteratur.se\/kompetensutveckling\/skola-f-6\/undervisning-och-metod\/nyckeln-till-skolgardens-larande\/?srsltid=AfmBOoqtG6Ie0sV8jj4G_xu443rPK1TxqhJVH5GXMzwTi9qdsNLSnyko<\/a><\/p>\n\n\n\n<h2 class=\"wp-block-heading\">Ett samtal om fr\u00e5gan: Hur skapar vi trygghet och goda relationer i skolan?<\/h2>\n\n\n\n<figure class=\"wp-block-image\"><img decoding=\"async\" src=\"https:\/\/jenninger.se\/wp-content\/uploads\/2025\/05\/Arets-Eldsjal-2025.png\" alt=\"\" class=\"wp-image-2326\"\/><\/figure>\n\n\n\n<figure class=\"wp-block-image\"><img loading=\"lazy\" decoding=\"async\" width=\"1024\" height=\"562\" src=\"https:\/\/jenninger.se\/wp-content\/uploads\/2025\/05\/panelen-1024x562.jpg\" alt=\"\" class=\"wp-image-2330\" srcset=\"https:\/\/jenninger.se\/wp-content\/uploads\/2025\/05\/panelen-1024x562.jpg 1024w, https:\/\/jenninger.se\/wp-content\/uploads\/2025\/05\/panelen-300x165.jpg 300w, https:\/\/jenninger.se\/wp-content\/uploads\/2025\/05\/panelen-768x421.jpg 768w, https:\/\/jenninger.se\/wp-content\/uploads\/2025\/05\/panelen-900x494.jpg 900w, https:\/\/jenninger.se\/wp-content\/uploads\/2025\/05\/panelen-1280x702.jpg 1280w, https:\/\/jenninger.se\/wp-content\/uploads\/2025\/05\/panelen.jpg 1477w\" sizes=\"auto, (max-width: 1024px) 100vw, 1024px\" \/><\/figure>\n\n\n\n<p>Hur kunde Gustav b\u00e4ttre hedras \u00e4n med ett samtal om just det n\u00e4r vi hedrade hans arbete? Gustav sj\u00e4lv, Jonas Nilsson, journalisten Elinor Torp (boken Flickan i korridoren) och speciall\u00e4raren Pia Rehn tillsammans med moderator Anna Sterlinger samtalar och finner m\u00e5nga tankar som pekar mot en gemensam sammanfattning! Kanske kommer det fantastiska samtalet att bli tillg\u00e4ngligt.<\/p>\n\n\n\n<figure class=\"wp-block-image\"><img loading=\"lazy\" decoding=\"async\" width=\"600\" height=\"600\" src=\"https:\/\/jenninger.se\/wp-content\/uploads\/2025\/05\/jag-pratar.jpg\" alt=\"\" class=\"wp-image-2327\" srcset=\"https:\/\/jenninger.se\/wp-content\/uploads\/2025\/05\/jag-pratar.jpg 600w, https:\/\/jenninger.se\/wp-content\/uploads\/2025\/05\/jag-pratar-300x300.jpg 300w, https:\/\/jenninger.se\/wp-content\/uploads\/2025\/05\/jag-pratar-150x150.jpg 150w, https:\/\/jenninger.se\/wp-content\/uploads\/2025\/05\/jag-pratar-88x88.jpg 88w\" sizes=\"auto, (max-width: 600px) 100vw, 600px\" \/><\/figure>\n\n\n\n<figure class=\"wp-block-embed is-type-rich is-provider-inb-ddningshanterare wp-block-embed-inb-ddningshanterare\"><div class=\"wp-block-embed__wrapper\">\nhttps:\/\/youtube.com\/watch?v=gobdU5Pycvg%3Fstart%3D11%26feature%3Doembed\n<\/div><\/figure>\n\n\n\n<p>Jag inledde med att ber\u00e4tta om M\u00e5ns och visa Good Charlottes video Hold on, producerad f\u00f6r amerikanska suicidpreventiva organisationer. M\u00e5ns \u00e4lskade dem och den, lyssnade dagligen p\u00e5 den utan att vi f\u00f6r\u00e4ldrar f\u00f6rstod hans dolda budskap med det. I sitt testamente har M\u00e5ns skrivit: Se videon Hold on av Good Charlotte, jag har den i datorn\u2026<\/p>\n\n\n\n<figure class=\"wp-block-image\"><img loading=\"lazy\" decoding=\"async\" width=\"1024\" height=\"659\" src=\"https:\/\/jenninger.se\/wp-content\/uploads\/2025\/05\/Therese-1024x659.jpg\" alt=\"\" class=\"wp-image-2328\" srcset=\"https:\/\/jenninger.se\/wp-content\/uploads\/2025\/05\/Therese-1024x659.jpg 1024w, https:\/\/jenninger.se\/wp-content\/uploads\/2025\/05\/Therese-300x193.jpg 300w, https:\/\/jenninger.se\/wp-content\/uploads\/2025\/05\/Therese-768x494.jpg 768w, https:\/\/jenninger.se\/wp-content\/uploads\/2025\/05\/Therese-1536x988.jpg 1536w, https:\/\/jenninger.se\/wp-content\/uploads\/2025\/05\/Therese-900x579.jpg 900w, https:\/\/jenninger.se\/wp-content\/uploads\/2025\/05\/Therese-1280x823.jpg 1280w, https:\/\/jenninger.se\/wp-content\/uploads\/2025\/05\/Therese.jpg 1587w\" sizes=\"auto, (max-width: 1024px) 100vw, 1024px\" \/><\/figure>\n\n\n\n<p>Den f\u00f6rn\u00e4mliga s\u00e5ngerskan Th\u00e9rese Neaim\u00e9 sj\u00f6ng tv\u00e5 av sina fina s\u00e5nger f\u00f6r oss.<\/p>\n\n\n\n<figure class=\"wp-block-image\"><img loading=\"lazy\" decoding=\"async\" width=\"600\" height=\"600\" src=\"https:\/\/jenninger.se\/wp-content\/uploads\/2025\/05\/alla-utom-Jonas.jpg\" alt=\"\" class=\"wp-image-2329\" srcset=\"https:\/\/jenninger.se\/wp-content\/uploads\/2025\/05\/alla-utom-Jonas.jpg 600w, https:\/\/jenninger.se\/wp-content\/uploads\/2025\/05\/alla-utom-Jonas-300x300.jpg 300w, https:\/\/jenninger.se\/wp-content\/uploads\/2025\/05\/alla-utom-Jonas-150x150.jpg 150w, https:\/\/jenninger.se\/wp-content\/uploads\/2025\/05\/alla-utom-Jonas-88x88.jpg 88w\" sizes=\"auto, (max-width: 600px) 100vw, 600px\" \/><\/figure>\n\n\n","protected":false},"excerpt":{"rendered":"<p>Se inslaget som s\u00e4ndes den 6 maj i Aktuellt och Rapport: https:\/\/www.svt.se\/nyheter\/lokalt\/jamtland\/fyrvallas-jobb-for-gemenskap-far-utmarkelse?fbclid=IwY2xjawKTu99leHRuA2FlbQIxMQBicmlkETFnREJORnFnbjJ0alFpNEdGAR5MQKsMFPoC1HqIInE31h6p2S4b4-6Q7PJnbP3d5t7gU_luIeAqmwAOBXnV-Q_aem_FVh1pgtV-ePE2xtK65kdAw P4 J\u00e4mtland s\u00e4nde en intervju den 6 maj: https:\/\/www.sverigesradio.se\/artikel\/de-prisas-for-sitt-antimobbningsarbete-det-spelar-roll Fyrvallagymnasiet \u00e4r en stor skola i \u00d6stersund med de praktiska utbildningarna. D\u00e4r g\u00e5r ca 600 ungdomar. Redan 2012 s\u00e5g d\u00e5varande kurator Annika Paulsson och rektor Kjell-\u00c5ke Skoog att de m\u00e5ste arbeta med arbetsmilj\u00f6n, som [&hellip;]<\/p>\n","protected":false},"author":1,"featured_media":0,"comment_status":"closed","ping_status":"open","sticky":false,"template":"","format":"standard","meta":{"_themeisle_gutenberg_block_has_review":false,"footnotes":""},"categories":[3],"tags":[],"class_list":["post-2282","post","type-post","status-publish","format-standard","hentry","category-mans-minnesfond"],"_links":{"self":[{"href":"https:\/\/jenninger.se\/index.php?rest_route=\/wp\/v2\/posts\/2282","targetHints":{"allow":["GET"]}}],"collection":[{"href":"https:\/\/jenninger.se\/index.php?rest_route=\/wp\/v2\/posts"}],"about":[{"href":"https:\/\/jenninger.se\/index.php?rest_route=\/wp\/v2\/types\/post"}],"author":[{"embeddable":true,"href":"https:\/\/jenninger.se\/index.php?rest_route=\/wp\/v2\/users\/1"}],"replies":[{"embeddable":true,"href":"https:\/\/jenninger.se\/index.php?rest_route=%2Fwp%2Fv2%2Fcomments&post=2282"}],"version-history":[{"count":11,"href":"https:\/\/jenninger.se\/index.php?rest_route=\/wp\/v2\/posts\/2282\/revisions"}],"predecessor-version":[{"id":2351,"href":"https:\/\/jenninger.se\/index.php?rest_route=\/wp\/v2\/posts\/2282\/revisions\/2351"}],"wp:attachment":[{"href":"https:\/\/jenninger.se\/index.php?rest_route=%2Fwp%2Fv2%2Fmedia&parent=2282"}],"wp:term":[{"taxonomy":"category","embeddable":true,"href":"https:\/\/jenninger.se\/index.php?rest_route=%2Fwp%2Fv2%2Fcategories&post=2282"},{"taxonomy":"post_tag","embeddable":true,"href":"https:\/\/jenninger.se\/index.php?rest_route=%2Fwp%2Fv2%2Ftags&post=2282"}],"curies":[{"name":"wp","href":"https:\/\/api.w.org\/{rel}","templated":true}]}}