{"id":2103,"date":"2024-04-26T17:39:24","date_gmt":"2024-04-26T15:39:24","guid":{"rendered":"https:\/\/jenninger.se\/?p=2103"},"modified":"2025-03-26T18:49:18","modified_gmt":"2025-03-26T17:49:18","slug":"minnesfonden-2024-kalmar-centrumskola","status":"publish","type":"post","link":"https:\/\/jenninger.se\/?p=2103","title":{"rendered":"Minnesfonden 2024, Kalmar centrumskola och \u00c5rets Eldsj\u00e4l Jonas Nilsson"},"content":{"rendered":"\n<div class=\"wp-block-columns is-layout-flex wp-container-core-columns-is-layout-9d6595d7 wp-block-columns-is-layout-flex\">\n<div class=\"wp-block-column is-vertically-aligned-top is-layout-flow wp-block-column-is-layout-flow\" style=\"flex-basis:63%\">\n<figure class=\"wp-block-image\"><img loading=\"lazy\" decoding=\"async\" width=\"1024\" height=\"668\" src=\"https:\/\/jenninger.se\/wp-content\/uploads\/2024\/04\/DIPLOM-Kalmar-centrumskola-1-1024x668.jpg\" alt=\"\" class=\"wp-image-2112\" srcset=\"https:\/\/jenninger.se\/wp-content\/uploads\/2024\/04\/DIPLOM-Kalmar-centrumskola-1-1024x668.jpg 1024w, https:\/\/jenninger.se\/wp-content\/uploads\/2024\/04\/DIPLOM-Kalmar-centrumskola-1-300x196.jpg 300w, https:\/\/jenninger.se\/wp-content\/uploads\/2024\/04\/DIPLOM-Kalmar-centrumskola-1-768x501.jpg 768w, https:\/\/jenninger.se\/wp-content\/uploads\/2024\/04\/DIPLOM-Kalmar-centrumskola-1-1536x1003.jpg 1536w, https:\/\/jenninger.se\/wp-content\/uploads\/2024\/04\/DIPLOM-Kalmar-centrumskola-1-2048x1337.jpg 2048w, https:\/\/jenninger.se\/wp-content\/uploads\/2024\/04\/DIPLOM-Kalmar-centrumskola-1-900x588.jpg 900w, https:\/\/jenninger.se\/wp-content\/uploads\/2024\/04\/DIPLOM-Kalmar-centrumskola-1-1280x836.jpg 1280w\" sizes=\"auto, (max-width: 1024px) 100vw, 1024px\" \/><\/figure>\n\n\n\n<p><strong>P\u00e5 Norra v\u00e4gen i Kalmar finns denna fantastiska resursskola som vi bes\u00f6ker och bel\u00f6nar 2024!<\/strong><\/p>\n\n\n\n<p><\/p>\n\n\n\n<p><\/p>\n\n\n\n<p>Ur tidningen Barometern 24-04-27:<\/p>\n\n\n\n<p><strong>Doldisskola i Kalmar hyllas med pris: \u201dSkolan lite av min r\u00e4ddning\u201d<\/strong><\/p>\n\n\n\n<p>P\u00e5 Kalmar Centrumskola f\u00e5r barn som misslyckats i den vanliga skolan en andra chans.<\/p>\n\n\n\n<p>\u2013 Den h\u00e4r skolan var lite av min r\u00e4ddning. Den var mindre och mer strukturerad, och varje person fick vad den beh\u00f6vde, s\u00e4ger den tidigare eleven Selma Lindgren, 20 \u00e5r.<\/p>\n\n\n\n<p>P\u00e5 onsdagen fick skolan ta emot pris f\u00f6r sitt trygghetsarbete.<\/p>\n\n\n\n<p>Kalmar Centrumsskola ligger i en anonym tegelbyggnad vid Norra v\u00e4gen \u2013 halvv\u00e4gs mellan Max och Esplanaden.<\/p>\n\n\n\n<p>M\u00e5lgruppen \u00e4r barn med en autismdiagnos. P\u00e5 skolan finns 42 elever i \u00e5rskurserna fem till nio, och h\u00e4r jobbar ett 20-tal anst\u00e4llda.<\/p>\n\n\n\n<p>\u2013 Vi har undervisning i sm\u00e5 grupper \u2013 och jobbar mycket med tydligg\u00f6rande pedagogik Vi jobbar ocks\u00e5 utifr\u00e5n ett l\u00e5gaffektivt f\u00f6rh\u00e5llningss\u00e4tt, s\u00e4ger rektor M\u00e4rit Brandel.<\/p>\n\n\n\n<p>P\u00e5 onsdagseftermiddagen var det glada miner i skollokalerna, n\u00e4r skolan fick pris f\u00f6r sitt trygghetsarbete.<\/p>\n\n\n\n<p>Kalmar centrumskola \u2013 som drivs av friskolekoncernen Nytida \u2013 fick ta emot M\u00e5ns Jenningers minnespris med motiveringen: \u201dAtt i handling ha visat att alla i skolan har r\u00e4tt till trygghet och gemenskap\u201d.<\/p>\n\n\n\n<p>M\u00e5ns Jenninger tog sitt liv n\u00e4r han var 13 \u00e5r \u2013 efter att ha utsatts f\u00f6r l\u00e5ngvarig mobbning och utfrysning i skolan.<\/p>\n\n\n\n<p>Efter sonens sj\u00e4lvmord i april 2005 startade hans pappa Claes Jenninger en minnesfond f\u00f6r att hedra sonens minne \u2013 och visa p\u00e5 positiva exempel genom att uppm\u00e4rksamma skolor som \u00e4r bra p\u00e5 att skapa gemenskap och f\u00e5 alla att k\u00e4nna sig sedda och trygga.<\/p>\n\n\n\n<p>Sedan dess har fonden delat ut pris till en skola varje \u00e5r.<\/p>\n\n\n\n<p>\u2013 I \u00e5r har vi valt den h\u00e4r resursskolan. Som \u00e4r helt fantastisk, s\u00e4ger Claes Jenninger, som \u00e4r p\u00e5 plats f\u00f6r att dela ut priset.<\/p>\n\n\n\n<p><strong>Vad \u00e4r det som Kalmar Centrumskola g\u00f6r bra?<\/strong><\/p>\n\n\n\n<p>\u2013 Den h\u00e4r skolan \u00e4r ju lite speciell eftersom eleverna \u00e4r barn som ofta har misslyckats i sin vanliga skola \u2013 och som har olika diagnoser. D\u00e5 m\u00e5ste man ha personal med r\u00e4tt kompetens som tar hand om de h\u00e4r barnens behov. Om man har det, d\u00e5 lyckas barnen ocks\u00e5 i skolan, s\u00e4ger Claes Jenninger.<\/p>\n\n\n\n<p>\u201dMan m\u00e5ste ha personal med r\u00e4tt kompetens som tar hand om de h\u00e4r barnens behov. Om man har det, d\u00e5 lyckas barnen ocks\u00e5 i skolan.\u201d<\/p>\n\n\n\n<p>Pensionerade l\u00e4raren Claes Jenninger var p\u00e5 plats f\u00f6r att dela ut pris till Kalmar Centrumskola.<\/p>\n\n\n\n<p>Selma Lindgren, 20 \u00e5r, \u00e4r tidigare elev p\u00e5 Kalmar Centrumskola.<\/p>\n\n\n\n<p>\u2013 N\u00e4r jag gick h\u00e4r tyckte jag att det var en v\u00e4ldigt trevlig gemenskap. L\u00e4rarna fanns alltid h\u00e4r och s\u00e5g varje person.<\/p>\n\n\n\n<p>Hon har diagnosen Aspergers syndrom, och hade sv\u00e5rt att hitta studiero i sin tidigare skola. Men i femman b\u00f6rjade hon p\u00e5 Centrumskolan.<\/p>\n\n\n\n<p>\u2013 Jag hade g\u00e5tt i vanlig skola fr\u00e5n f\u00f6rskolan men det funkade aldrig. S\u00e5 den h\u00e4r skolan var lite av min r\u00e4ddning. Den var mindre och mer strukturerad, och varje person fick vad den beh\u00f6vde.<\/p>\n\n\n\n<p>I dag \u00e4r hon tillbaka p\u00e5 skolan f\u00f6r att upptr\u00e4da med sitt band Glada Bokens orkester fr\u00e5n Nybro. Bandet bjuder p\u00e5 hits dansbandshits som \u201dB\u00f6rja om fr\u00e5n b\u00f6rjan\u201d och showar loss inf\u00f6r en entusiastisk publik innan det \u00e4r dans f\u00f6r prisutdelning.<\/p>\n\n\n\n<p>\u2013 Hade inte den h\u00e4r skolan funnits hade inte jag klarat av s\u00e5 mycket skoltid som jag faktiskt klarade, s\u00e4ger Selma Lindgren.<\/p>\n<\/div>\n\n\n\n<div class=\"wp-block-column is-layout-flow wp-block-column-is-layout-flow\" style=\"flex-basis:37%\">\n<figure class=\"wp-block-image size-large is-resized\"><img loading=\"lazy\" decoding=\"async\" width=\"768\" height=\"1024\" src=\"https:\/\/jenninger.se\/wp-content\/uploads\/2024\/04\/DSC_0167-1-768x1024.jpg\" alt=\"\" class=\"wp-image-2113\" style=\"width:161px;height:auto\" srcset=\"https:\/\/jenninger.se\/wp-content\/uploads\/2024\/04\/DSC_0167-1-768x1024.jpg 768w, https:\/\/jenninger.se\/wp-content\/uploads\/2024\/04\/DSC_0167-1-225x300.jpg 225w, https:\/\/jenninger.se\/wp-content\/uploads\/2024\/04\/DSC_0167-1-1152x1536.jpg 1152w, https:\/\/jenninger.se\/wp-content\/uploads\/2024\/04\/DSC_0167-1-900x1200.jpg 900w, https:\/\/jenninger.se\/wp-content\/uploads\/2024\/04\/DSC_0167-1-1280x1707.jpg 1280w, https:\/\/jenninger.se\/wp-content\/uploads\/2024\/04\/DSC_0167-1.jpg 1434w\" sizes=\"auto, (max-width: 768px) 100vw, 768px\" \/><\/figure>\n\n\n\n<figure class=\"wp-block-image size-large is-resized\"><img loading=\"lazy\" decoding=\"async\" width=\"866\" height=\"1024\" src=\"https:\/\/jenninger.se\/wp-content\/uploads\/2024\/04\/20240424_173048-1-866x1024.jpg\" alt=\"\" class=\"wp-image-2111\" style=\"width:159px;height:auto\" srcset=\"https:\/\/jenninger.se\/wp-content\/uploads\/2024\/04\/20240424_173048-1-866x1024.jpg 866w, https:\/\/jenninger.se\/wp-content\/uploads\/2024\/04\/20240424_173048-1-254x300.jpg 254w, https:\/\/jenninger.se\/wp-content\/uploads\/2024\/04\/20240424_173048-1-768x908.jpg 768w, https:\/\/jenninger.se\/wp-content\/uploads\/2024\/04\/20240424_173048-1-1300x1536.jpg 1300w, https:\/\/jenninger.se\/wp-content\/uploads\/2024\/04\/20240424_173048-1-900x1064.jpg 900w, https:\/\/jenninger.se\/wp-content\/uploads\/2024\/04\/20240424_173048-1-1280x1513.jpg 1280w, https:\/\/jenninger.se\/wp-content\/uploads\/2024\/04\/20240424_173048-1.jpg 1369w\" sizes=\"auto, (max-width: 866px) 100vw, 866px\" \/><\/figure>\n\n\n\n<figure class=\"wp-block-image size-large is-resized\"><img loading=\"lazy\" decoding=\"async\" width=\"770\" height=\"1024\" src=\"https:\/\/jenninger.se\/wp-content\/uploads\/2024\/04\/24-april-1-770x1024.jpg\" alt=\"\" class=\"wp-image-2110\" style=\"width:161px;height:auto\" srcset=\"https:\/\/jenninger.se\/wp-content\/uploads\/2024\/04\/24-april-1-770x1024.jpg 770w, https:\/\/jenninger.se\/wp-content\/uploads\/2024\/04\/24-april-1-226x300.jpg 226w, https:\/\/jenninger.se\/wp-content\/uploads\/2024\/04\/24-april-1-768x1021.jpg 768w, https:\/\/jenninger.se\/wp-content\/uploads\/2024\/04\/24-april-1-900x1197.jpg 900w, https:\/\/jenninger.se\/wp-content\/uploads\/2024\/04\/24-april-1.jpg 959w\" sizes=\"auto, (max-width: 770px) 100vw, 770px\" \/><\/figure>\n\n\n\n<figure class=\"wp-block-image size-large is-resized\"><img loading=\"lazy\" decoding=\"async\" width=\"1024\" height=\"461\" src=\"https:\/\/jenninger.se\/wp-content\/uploads\/2024\/04\/glada-boken-1024x461.jpg\" alt=\"\" class=\"wp-image-2114\" style=\"width:203px;height:auto\" srcset=\"https:\/\/jenninger.se\/wp-content\/uploads\/2024\/04\/glada-boken-1024x461.jpg 1024w, https:\/\/jenninger.se\/wp-content\/uploads\/2024\/04\/glada-boken-300x135.jpg 300w, https:\/\/jenninger.se\/wp-content\/uploads\/2024\/04\/glada-boken-768x346.jpg 768w, https:\/\/jenninger.se\/wp-content\/uploads\/2024\/04\/glada-boken-1536x691.jpg 1536w, https:\/\/jenninger.se\/wp-content\/uploads\/2024\/04\/glada-boken-2048x922.jpg 2048w, https:\/\/jenninger.se\/wp-content\/uploads\/2024\/04\/glada-boken-900x405.jpg 900w, https:\/\/jenninger.se\/wp-content\/uploads\/2024\/04\/glada-boken-1280x576.jpg 1280w\" sizes=\"auto, (max-width: 1024px) 100vw, 1024px\" \/><\/figure>\n\n\n\n<p><strong>\u00c5RETS ELDSJ\u00c4L JONAS NILSSON<\/strong><\/p>\n\n\n\n<figure class=\"wp-block-image size-large\"><img loading=\"lazy\" decoding=\"async\" width=\"1024\" height=\"668\" src=\"https:\/\/jenninger.se\/wp-content\/uploads\/2024\/05\/DIPLOM-Jonas-Nilsson-2-1024x668.jpg\" alt=\"\" class=\"wp-image-2127\" srcset=\"https:\/\/jenninger.se\/wp-content\/uploads\/2024\/05\/DIPLOM-Jonas-Nilsson-2-1024x668.jpg 1024w, https:\/\/jenninger.se\/wp-content\/uploads\/2024\/05\/DIPLOM-Jonas-Nilsson-2-300x196.jpg 300w, https:\/\/jenninger.se\/wp-content\/uploads\/2024\/05\/DIPLOM-Jonas-Nilsson-2-768x501.jpg 768w, https:\/\/jenninger.se\/wp-content\/uploads\/2024\/05\/DIPLOM-Jonas-Nilsson-2-1536x1003.jpg 1536w, https:\/\/jenninger.se\/wp-content\/uploads\/2024\/05\/DIPLOM-Jonas-Nilsson-2-2048x1337.jpg 2048w, https:\/\/jenninger.se\/wp-content\/uploads\/2024\/05\/DIPLOM-Jonas-Nilsson-2-900x588.jpg 900w, https:\/\/jenninger.se\/wp-content\/uploads\/2024\/05\/DIPLOM-Jonas-Nilsson-2-1280x836.jpg 1280w\" sizes=\"auto, (max-width: 1024px) 100vw, 1024px\" \/><\/figure>\n\n\n\n<figure class=\"wp-block-image size-full\"><img loading=\"lazy\" decoding=\"async\" width=\"518\" height=\"600\" src=\"https:\/\/jenninger.se\/wp-content\/uploads\/2024\/05\/alla-tre.jpg\" alt=\"\" class=\"wp-image-2128\" srcset=\"https:\/\/jenninger.se\/wp-content\/uploads\/2024\/05\/alla-tre.jpg 518w, https:\/\/jenninger.se\/wp-content\/uploads\/2024\/05\/alla-tre-259x300.jpg 259w\" sizes=\"auto, (max-width: 518px) 100vw, 518px\" \/><\/figure>\n\n\n\n<p>Jonas sj\u00e4lv skriver: I dag fick jag ta emot en otroligt fin utm\u00e4rkelse, fr\u00e5n <a href=\"https:\/\/www.facebook.com\/groups\/132741930820296\/?__cft__[0]=AZWgq3uxte_ox9mi-cXiMeuYcg7g8yunMHiRktMY--BZNL0b1gMbf4yjNskdZ5Fj3VyUFbAPyOHJnpLCzGLlnMhGDjK7NVwWJaUN0eQuJngmmOiJRCudbbOpZyV4K_cXNTvK_jra2-euWi9D5mbjrvw0yzkItqY5iTM09Nm3L8j3DnaMKvsXCMPHWKz4ReosLhjXAm1ari73p-I28MY-h4ymK34oKhva8ka6GfVEfLz-nsPrC_jRHZVTIEa4rf0e75k&amp;__tn__=-UK-y-R\">M\u00e5ns Jenningers minnesfond<\/a> och jag \u00e4r r\u00f6rd och glad \u00f6ver detta. Jag uts\u00e5gs till \u00c5rets eldsj\u00e4l i skolsverige, \u201df\u00f6r att i handling ha visat att alla i skolan har r\u00e4tt till trygghet och gemenskap\u201d.<\/p>\n\n\n\n<p>Jag f\u00f6rs\u00f6ker g\u00f6ra mitt b\u00e4sta varje dag f\u00f6r att eleverna ska trivas. Hade det inte varit f\u00f6r v\u00e5r skickliga skolledning och alla andra kollegor s\u00e5 hade jag varken haft kunskaper eller m\u00f6jlighet att sprida mina tankar och metoder. Jag vill ta tillf\u00e4llet i akt att lyfta fram hela v\u00e5rt fina trygghetsskapande arbete p\u00e5 skolan.<\/p>\n\n\n\n<p>Tack till ordf\u00f6rande <a href=\"https:\/\/www.facebook.com\/groups\/132741930820296\/user\/601823714\/?__cft__[0]=AZWgq3uxte_ox9mi-cXiMeuYcg7g8yunMHiRktMY--BZNL0b1gMbf4yjNskdZ5Fj3VyUFbAPyOHJnpLCzGLlnMhGDjK7NVwWJaUN0eQuJngmmOiJRCudbbOpZyV4K_cXNTvK_jra2-euWi9D5mbjrvw0yzkItqY5iTM09Nm3L8j3DnaMKvsXCMPHWKz4ReosLhjXAm1ari73p-I28MY-h4ymK34oKhva8ka6GfVEfLz-nsPrC_jRHZVTIEa4rf0e75k&amp;__tn__=-]K-y-R\">Claes Jenninger<\/a> och till styrelsemedlemmen <a href=\"https:\/\/www.facebook.com\/groups\/132741930820296\/user\/668574695\/?__cft__[0]=AZWgq3uxte_ox9mi-cXiMeuYcg7g8yunMHiRktMY--BZNL0b1gMbf4yjNskdZ5Fj3VyUFbAPyOHJnpLCzGLlnMhGDjK7NVwWJaUN0eQuJngmmOiJRCudbbOpZyV4K_cXNTvK_jra2-euWi9D5mbjrvw0yzkItqY5iTM09Nm3L8j3DnaMKvsXCMPHWKz4ReosLhjXAm1ari73p-I28MY-h4ymK34oKhva8ka6GfVEfLz-nsPrC_jRHZVTIEa4rf0e75k&amp;__tn__=-]K-y-R\">Henrik Bartholdsson<\/a> som tog sig \u00e4nda till Stordammens skola f\u00f6r att ge mig denna utm\u00e4rkelse. <img loading=\"lazy\" decoding=\"async\" height=\"16\" width=\"16\" src=\"https:\/\/static.xx.fbcdn.net\/images\/emoji.php\/v9\/t80\/1\/16\/1f64f.png\" alt=\"????\"><img loading=\"lazy\" decoding=\"async\" height=\"16\" width=\"16\" src=\"https:\/\/static.xx.fbcdn.net\/images\/emoji.php\/v9\/t6c\/1\/16\/2764.png\" alt=\"\u2764\ufe0f\"><\/p>\n\n\n\n<figure class=\"wp-block-embed is-type-video is-provider-youtube wp-block-embed-youtube wp-embed-aspect-16-9 wp-has-aspect-ratio\"><div class=\"wp-block-embed__wrapper\">\n<iframe loading=\"lazy\" title=\"Tydlighet, relationer och trov\u00e4rdighet \u00e4r nycklar till ledarskap i klassrummet\" width=\"629\" height=\"354\" src=\"https:\/\/www.youtube.com\/embed\/GoklCutiJoQ?feature=oembed\" frameborder=\"0\" allow=\"accelerometer; autoplay; clipboard-write; encrypted-media; gyroscope; picture-in-picture; web-share\" referrerpolicy=\"strict-origin-when-cross-origin\" allowfullscreen><\/iframe>\n<\/div><\/figure>\n<\/div>\n<\/div>\n\n\n\n<p><a href=\"https:\/\/www.instagram.com\/p\/C6Ocv6YtNGf\/?img_index=6\">https:\/\/www.instagram.com\/p\/C6Ocv6YtNGf\/?img_index=6<\/a><\/p>\n","protected":false},"excerpt":{"rendered":"<p>P\u00e5 Norra v\u00e4gen i Kalmar finns denna fantastiska resursskola som vi bes\u00f6ker och bel\u00f6nar 2024! Ur tidningen Barometern 24-04-27: Doldisskola i Kalmar hyllas med pris: \u201dSkolan lite av min r\u00e4ddning\u201d P\u00e5 Kalmar Centrumskola f\u00e5r barn som misslyckats i den vanliga skolan en andra chans. \u2013 Den h\u00e4r skolan var lite av min r\u00e4ddning. Den var [&hellip;]<\/p>\n","protected":false},"author":1,"featured_media":0,"comment_status":"closed","ping_status":"open","sticky":false,"template":"","format":"standard","meta":{"_themeisle_gutenberg_block_has_review":false,"footnotes":""},"categories":[1],"tags":[],"class_list":["post-2103","post","type-post","status-publish","format-standard","hentry","category-uncategorized"],"_links":{"self":[{"href":"https:\/\/jenninger.se\/index.php?rest_route=\/wp\/v2\/posts\/2103","targetHints":{"allow":["GET"]}}],"collection":[{"href":"https:\/\/jenninger.se\/index.php?rest_route=\/wp\/v2\/posts"}],"about":[{"href":"https:\/\/jenninger.se\/index.php?rest_route=\/wp\/v2\/types\/post"}],"author":[{"embeddable":true,"href":"https:\/\/jenninger.se\/index.php?rest_route=\/wp\/v2\/users\/1"}],"replies":[{"embeddable":true,"href":"https:\/\/jenninger.se\/index.php?rest_route=%2Fwp%2Fv2%2Fcomments&post=2103"}],"version-history":[{"count":9,"href":"https:\/\/jenninger.se\/index.php?rest_route=\/wp\/v2\/posts\/2103\/revisions"}],"predecessor-version":[{"id":2344,"href":"https:\/\/jenninger.se\/index.php?rest_route=\/wp\/v2\/posts\/2103\/revisions\/2344"}],"wp:attachment":[{"href":"https:\/\/jenninger.se\/index.php?rest_route=%2Fwp%2Fv2%2Fmedia&parent=2103"}],"wp:term":[{"taxonomy":"category","embeddable":true,"href":"https:\/\/jenninger.se\/index.php?rest_route=%2Fwp%2Fv2%2Fcategories&post=2103"},{"taxonomy":"post_tag","embeddable":true,"href":"https:\/\/jenninger.se\/index.php?rest_route=%2Fwp%2Fv2%2Ftags&post=2103"}],"curies":[{"name":"wp","href":"https:\/\/api.w.org\/{rel}","templated":true}]}}